{"id":33,"date":"2023-12-15T13:00:50","date_gmt":"2023-12-15T12:00:50","guid":{"rendered":"https:\/\/demo.birdwp.com\/halva\/?p=33"},"modified":"2026-04-24T10:28:21","modified_gmt":"2026-04-24T09:28:21","slug":"ma-vie-de-chamane-claire-barre","status":"publish","type":"post","link":"https:\/\/www.comturquoise.fr\/developpement-personnel-france\/2023\/12\/15\/ma-vie-de-chamane-claire-barre\/","title":{"rendered":"Ma Vie de Chamane &#8211;  Claire Barr\u00e9"},"content":{"rendered":"\n<p>Mama Editions<\/p>\n\n\n\n<blockquote class=\"wp-block-quote\"><p><\/p><cite>Susurr\u00e9 par un esprit lors d\u2019un voyage chamanique, un message fut d\u00e9livr\u00e9e \u00e0 Claire Barr\u00e9\u00a0:<br>\u00ab\u00a0Justesse du c\u0153ur<br>Droiture de l\u2019esprit<br>Clart\u00e9 de la vision<br>Unit\u00e9 du Tout.\u00a0\u00bb<\/cite><\/blockquote>\n\n\n\n<p>Cela d\u00e9finit bien sa mani\u00e8re d\u2019\u00eatre. En 2014, le visage d\u2019un chef am\u00e9rindien est apparu \u00e0 l\u2019autrice parisienne. En choisissant de suivre cette vision plut\u00f4t que de la fuir, les fronti\u00e8res entre les mondes se sont effac\u00e9es.<br><br>Neuf ans plus tard, ayant (enfin) embrass\u00e9 son appel chamanique, elle profite d\u2019une retraite spirituelle dans le Finist\u00e8re pour revenir sur les racines et les cons\u00e9quences de cet \u00e9lectrochoc psychique, qui a boulevers\u00e9 sa vie.<br><br>L\u2019ex-h\u00e9ro\u00efnomane d\u00e9sesp\u00e9r\u00e9e d\u00e9voile comment la spiritualit\u00e9, la pratique du tambour et l\u2019usage ritualis\u00e9 de m\u00e9decines psych\u00e9d\u00e9liques ont consolid\u00e9 son cheminement vers la joie. Et quand une femme s\u2019\u00e9veille, cela bouleverse l\u2019\u00e9quilibre de toute sa tribu : mari, enfants, famille, amis et m\u00eame\u2026 lecteurs.<\/p>\n\n\n\n<figure class=\"wp-container-2 wp-block-gallery-1 wp-block-gallery alignwide has-nested-images columns-default is-cropped bwp-block-editor-popup-gallery\">\n<figure class=\"wp-block-image size-full\"><a href=\"https:\/\/www.comturquoise.fr\/developpement-personnel-france\/wp-content\/uploads\/2025\/04\/9782845947931-001-X.webp\"><img loading=\"lazy\" width=\"897\" height=\"1400\" data-id=\"599\"  src=\"https:\/\/www.comturquoise.fr\/developpement-personnel-france\/wp-content\/uploads\/2025\/04\/9782845947931-001-X.webp\" alt=\"\" class=\"wp-image-599\"\/><\/a><figcaption>My set for work: notebooks and a diary.<\/figcaption><\/figure>\n\n\n\n<figure class=\"wp-block-image size-full\"><a href=\"https:\/\/www.comturquoise.fr\/developpement-personnel-france\/wp-content\/uploads\/2025\/04\/logomama_editions_nb_634-e1745480170620.jpg\"><img data-id=\"601\"  src=\"https:\/\/www.comturquoise.fr\/developpement-personnel-france\/wp-content\/uploads\/2025\/04\/logomama_editions_nb_634.jpg\" alt=\"\" class=\"wp-image-601\"\/><\/a><figcaption>Keeping things organized and clean helps me be productive.<\/figcaption><\/figure>\n<figcaption class=\"blocks-gallery-caption\">\u00ab Un r\u00e9cit autobiographique d\u2019une grande force et riche de profonds enseignements. \u00bb ST\u00c9PHANE ALLIX<\/figcaption><\/figure>\n","protected":false},"excerpt":{"rendered":"<p>Mama Editions Susurr\u00e9 par un esprit lors d\u2019un voyage chamanique, un message fut d\u00e9livr\u00e9e \u00e0 Claire Barr\u00e9\u00a0:\u00ab\u00a0Justesse du c\u0153urDroiture de l\u2019espritClart\u00e9 de la visionUnit\u00e9 du Tout.\u00a0\u00bb Cela d\u00e9finit bien sa [&hellip;]<\/p>\n","protected":false},"author":2,"featured_media":598,"comment_status":"closed","ping_status":"closed","sticky":false,"template":"","format":"standard","meta":[],"categories":[1],"tags":[10,13,24],"_links":{"self":[{"href":"https:\/\/www.comturquoise.fr\/developpement-personnel-france\/wp-json\/wp\/v2\/posts\/33"}],"collection":[{"href":"https:\/\/www.comturquoise.fr\/developpement-personnel-france\/wp-json\/wp\/v2\/posts"}],"about":[{"href":"https:\/\/www.comturquoise.fr\/developpement-personnel-france\/wp-json\/wp\/v2\/types\/post"}],"author":[{"embeddable":true,"href":"https:\/\/www.comturquoise.fr\/developpement-personnel-france\/wp-json\/wp\/v2\/users\/2"}],"replies":[{"embeddable":true,"href":"https:\/\/www.comturquoise.fr\/developpement-personnel-france\/wp-json\/wp\/v2\/comments?post=33"}],"version-history":[{"count":4,"href":"https:\/\/www.comturquoise.fr\/developpement-personnel-france\/wp-json\/wp\/v2\/posts\/33\/revisions"}],"predecessor-version":[{"id":602,"href":"https:\/\/www.comturquoise.fr\/developpement-personnel-france\/wp-json\/wp\/v2\/posts\/33\/revisions\/602"}],"wp:featuredmedia":[{"embeddable":true,"href":"https:\/\/www.comturquoise.fr\/developpement-personnel-france\/wp-json\/wp\/v2\/media\/598"}],"wp:attachment":[{"href":"https:\/\/www.comturquoise.fr\/developpement-personnel-france\/wp-json\/wp\/v2\/media?parent=33"}],"wp:term":[{"taxonomy":"category","embeddable":true,"href":"https:\/\/www.comturquoise.fr\/developpement-personnel-france\/wp-json\/wp\/v2\/categories?post=33"},{"taxonomy":"post_tag","embeddable":true,"href":"https:\/\/www.comturquoise.fr\/developpement-personnel-france\/wp-json\/wp\/v2\/tags?post=33"}],"curies":[{"name":"wp","href":"https:\/\/api.w.org\/{rel}","templated":true}]}}